{"id":1118,"date":"2016-03-20T19:31:20","date_gmt":"2016-03-20T18:31:20","guid":{"rendered":"http:\/\/www.christianskochstudio.at\/homepageneu\/?p=1118"},"modified":"2016-05-29T20:03:21","modified_gmt":"2016-05-29T18:03:21","slug":"erdaepfelquiche-mit-lauch-und-paprika","status":"publish","type":"post","link":"http:\/\/www.christianskochstudio.at\/homepageneu\/erdaepfelquiche-mit-lauch-und-paprika\/","title":{"rendered":"Erd\u00e4pfelquiche mit Lauch und Paprika"},"content":{"rendered":"<p style=\"text-align: justify;\">Vegetarisch und s\u00e4ttigend?<br \/>\nViele denken immer noch, dass das eine unm\u00f6gliche Kombination ist und ganz leicht tappt man in die Falle: Anstatt die verschiedensten Gem\u00fcsesorten und ein bisschen Nachdenken werden oft nur Geb\u00e4ck, Brot, Nudeln und Reis serviert und damit eine einseitige Ern\u00e4hrung unterst\u00fctzt.<\/p>\n<p style=\"text-align: justify;\">Schauen wir uns heute folgendes Gericht an:<\/p>\n<p style=\"text-align: justify;\">Schon vor Jahren haben wir ein super <a href=\"http:\/\/www.christianskochstudio.at\/homepageneu\/erdaepfelquiche-mit-thunfisch\/\">Quiche-Rezept mit Thunfisch <\/a>ver\u00f6ffentlicht, heute haben wir es f\u00fcr euch ein bisschen ge\u00e4ndert: Nur Reste aus dem K\u00fchlschrank geholt, vegetarisch und frisch zubereitet und mit einem Tomaten-Chinakohl-Salat serviert.<\/p>\n<p style=\"text-align: justify;\">UPDATE: <a href=\"http:\/\/www.christianskochstudio.at\/homepageneu\/erdaepfelquiche-mit-champignons-spinat\/\">Erd\u00e4pfelquiche mit Champignons und Spinat<\/a><\/p>\n<p style=\"text-align: justify;\">Zutaten:<\/p>\n<p style=\"text-align: justify;\"><em>Teig<\/em><\/p>\n<p>400 g Erd\u00e4pfel<br \/>\n25 g Butter<br \/>\n5 EL Mehl<\/p>\n<p><em>F\u00fcllung<\/em><\/p>\n<p>1\/2 Lauch<br \/>\n1 Schalotte<br \/>\n1\/2 gr\u00fcner Paprika<br \/>\n1 Knoblauchzehe<\/p>\n<p><em>Aufgu\u00df<\/em><\/p>\n<p>150 ml Milch<br \/>\n3 Eier<br \/>\nca. 150 g K\u00e4se (fein gerieben, z.B. Gouda)<br \/>\n2 EL Sauerrahm<br \/>\nSalz<br \/>\nPfeffer aus der M\u00fchle, schwarz<\/p>\n<p><a href=\"http:\/\/www.christianskochstudio.at\/homepageneu\/wp-content\/uploads\/2016\/03\/2.jpg\" rel=\"attachment wp-att-1121\"><img loading=\"lazy\" class=\"alignnone size-medium wp-image-1121\" src=\"http:\/\/www.christianskochstudio.at\/homepageneu\/wp-content\/uploads\/2016\/03\/2-300x124.jpg\" alt=\"2\" width=\"300\" height=\"124\" srcset=\"http:\/\/www.christianskochstudio.at\/homepageneu\/wp-content\/uploads\/2016\/03\/2-300x124.jpg 300w, http:\/\/www.christianskochstudio.at\/homepageneu\/wp-content\/uploads\/2016\/03\/2-768x318.jpg 768w, http:\/\/www.christianskochstudio.at\/homepageneu\/wp-content\/uploads\/2016\/03\/2-1024x424.jpg 1024w\" sizes=\"(max-width: 300px) 100vw, 300px\" \/><\/a><\/p>\n<p style=\"text-align: justify;\">1, Erd\u00e4pfel sch\u00e4len, in kleine W\u00fcrfel schneiden und in Salzwasser weich kochen (ca. 10 Minuten), anschlie\u00dfend zerstampfen, mit der Butter und dem Mehl zu einem Teig verarbeiten.<br \/>\n2, In eine passende Form geben (Springform), mit der Gabel anstechen, mit Backpapier bedecken, beschweren und 20 Minuten bei 200 Grad blindbacken.<\/p>\n<p style=\"text-align: justify;\">TIPP: Beim Teig darauf achten, dass er einen 3 cm hohen Rand braucht (wenn man keine Tarteform hat, dann einfach mit den Fingern einen Rand bauen), damit anschlie\u00dfend die F\u00fcllung nicht ausrinnt.<\/p>\n<p style=\"text-align: justify;\">3, Lauch, Schalotte, Knoblauch, Paprika fein schneiden und in \u00d6l \u00a0circa 5 Minuten lang anschwitzen (Stufe 7 aus 10). Salzen, pfeffern.<br \/>\n4, Milch, 3 Eier, 2 EL Sauerrahm in einer Sch\u00fcssel mit dem Schneebesen zusammenr\u00fchren. 2\/3 vom fein geriebenen K\u00e4se und die angeschwitzte Lauch-Knoblauch-Schalotten-Paprika-Mischung dazugeben. Salzen, pfeffern und vorsichtig auf den Teig sch\u00fctten.<br \/>\n5, Zum Schluss den restlichen K\u00e4se drauf und ab ins Rohr: Ca. 30-40 Minuten bei 180-190 Grad. Fertig ist die Quiche, wenn die komplette Masse gestockt ist und der K\u00e4se leicht braun wird.<br \/>\n6, Vorm Servieren noch ca. 10 Minuten ziehen lassen.<\/p>\n","protected":false},"excerpt":{"rendered":"<p>Vegetarisch und s\u00e4ttigend? Viele denken immer noch, dass das eine unm\u00f6gliche Kombination ist und ganz leicht tappt man in die Falle: Anstatt die verschiedensten Gem\u00fcsesorten und ein bisschen Nachdenken werden oft nur Geb\u00e4ck, Brot, Nudeln und Reis serviert und damit eine einseitige Ern\u00e4hrung unterst\u00fctzt. Schauen wir uns heute folgendes Gericht an: Schon vor Jahren haben &hellip; <a href=\"http:\/\/www.christianskochstudio.at\/homepageneu\/erdaepfelquiche-mit-lauch-und-paprika\/\" class=\"more-link\"><span class=\"screen-reader-text\">Erd\u00e4pfelquiche mit Lauch und Paprika<\/span> weiterlesen <span class=\"meta-nav\">&rarr;<\/span><\/a><\/p>\n","protected":false},"author":2,"featured_media":1119,"comment_status":"open","ping_status":"open","sticky":false,"template":"","format":"standard","meta":[],"categories":[1,32],"tags":[39,57,90,80,243,68],"_links":{"self":[{"href":"http:\/\/www.christianskochstudio.at\/homepageneu\/wp-json\/wp\/v2\/posts\/1118"}],"collection":[{"href":"http:\/\/www.christianskochstudio.at\/homepageneu\/wp-json\/wp\/v2\/posts"}],"about":[{"href":"http:\/\/www.christianskochstudio.at\/homepageneu\/wp-json\/wp\/v2\/types\/post"}],"author":[{"embeddable":true,"href":"http:\/\/www.christianskochstudio.at\/homepageneu\/wp-json\/wp\/v2\/users\/2"}],"replies":[{"embeddable":true,"href":"http:\/\/www.christianskochstudio.at\/homepageneu\/wp-json\/wp\/v2\/comments?post=1118"}],"version-history":[{"count":9,"href":"http:\/\/www.christianskochstudio.at\/homepageneu\/wp-json\/wp\/v2\/posts\/1118\/revisions"}],"predecessor-version":[{"id":1288,"href":"http:\/\/www.christianskochstudio.at\/homepageneu\/wp-json\/wp\/v2\/posts\/1118\/revisions\/1288"}],"wp:featuredmedia":[{"embeddable":true,"href":"http:\/\/www.christianskochstudio.at\/homepageneu\/wp-json\/wp\/v2\/media\/1119"}],"wp:attachment":[{"href":"http:\/\/www.christianskochstudio.at\/homepageneu\/wp-json\/wp\/v2\/media?parent=1118"}],"wp:term":[{"taxonomy":"category","embeddable":true,"href":"http:\/\/www.christianskochstudio.at\/homepageneu\/wp-json\/wp\/v2\/categories?post=1118"},{"taxonomy":"post_tag","embeddable":true,"href":"http:\/\/www.christianskochstudio.at\/homepageneu\/wp-json\/wp\/v2\/tags?post=1118"}],"curies":[{"name":"wp","href":"https:\/\/api.w.org\/{rel}","templated":true}]}}